{"id":13314,"date":"2026-04-21T09:41:55","date_gmt":"2026-04-21T09:41:55","guid":{"rendered":"https:\/\/www.ipleiria.pt\/estg\/?p=13314"},"modified":"2026-04-23T08:54:19","modified_gmt":"2026-04-23T08:54:19","slug":"aula-aberta-iluminacao-publica-2","status":"publish","type":"post","link":"https:\/\/www.ipleiria.pt\/estg\/2026\/04\/21\/aula-aberta-iluminacao-publica-2\/","title":{"rendered":"Aula Aberta: Ilumina\u00e7\u00e3o P\u00fablica"},"content":{"rendered":"\n<p class=\"is-style-theme-title-inherit-color\">Aula Aberta: Ilumina\u00e7\u00e3o P\u00fablica <\/p>\n\n\n\n<p><\/p>\n\n\n\n<div class=\"wp-container-4 wp-block-columns\">\n<div class=\"wp-container-2 wp-block-column\">\n<p>Realiza-se, dia 22 de abril, a Aula aberta subordinada ao tema \ud835\udc08\ud835\udc25\ud835\udc2e\ud835\udc26\ud835\udc22\ud835\udc27\ud835\udc1a\ud835\udc1c\u0327\ud835\udc1a\u0303\ud835\udc28 \ud835\udc0f\ud835\udc2e\u0301\ud835\udc1b\ud835\udc25\ud835\udc22\ud835\udc1c\ud835\udc1a. Ter\u00e1 como orador  Francisco T\u00e1vora. <\/p>\n\n\n\n<p><img loading=\"lazy\" height=\"16\" width=\"16\" src=\"https:\/\/static.xx.fbcdn.net\/images\/emoji.php\/v9\/t2d\/1\/16\/1f4cd.png\" alt=\"\ud83d\udccd\">22 de abril | Anfiteatro -1.02, Edif\u00edcio B<\/p>\n\n\n\n<p><img loading=\"lazy\" height=\"16\" width=\"16\" src=\"https:\/\/static.xx.fbcdn.net\/images\/emoji.php\/v9\/t34\/1\/16\/23f0.png\" alt=\"\u23f0\">18h00<\/p>\n\n\n\n<div class=\"wp-container-1 wp-block-columns\"><\/div>\n<\/div>\n\n\n\n<div class=\"wp-container-3 wp-block-column\">\n<figure class=\"wp-block-image size-large\"><img loading=\"lazy\" width=\"724\" height=\"1024\" src=\"https:\/\/www.ipleiria.pt\/estg\/wp-content\/uploads\/sites\/32\/2026\/04\/Aula-Aberta-EEC-2026-04-22-724x1024.jpg\" alt=\"\" class=\"wp-image-13315\" srcset=\"https:\/\/www.ipleiria.pt\/estg\/wp-content\/uploads\/sites\/32\/2026\/04\/Aula-Aberta-EEC-2026-04-22-724x1024.jpg 724w, https:\/\/www.ipleiria.pt\/estg\/wp-content\/uploads\/sites\/32\/2026\/04\/Aula-Aberta-EEC-2026-04-22-212x300.jpg 212w, https:\/\/www.ipleiria.pt\/estg\/wp-content\/uploads\/sites\/32\/2026\/04\/Aula-Aberta-EEC-2026-04-22-768x1086.jpg 768w, https:\/\/www.ipleiria.pt\/estg\/wp-content\/uploads\/sites\/32\/2026\/04\/Aula-Aberta-EEC-2026-04-22-1086x1536.jpg 1086w, https:\/\/www.ipleiria.pt\/estg\/wp-content\/uploads\/sites\/32\/2026\/04\/Aula-Aberta-EEC-2026-04-22-1448x2048.jpg 1448w, https:\/\/www.ipleiria.pt\/estg\/wp-content\/uploads\/sites\/32\/2026\/04\/Aula-Aberta-EEC-2026-04-22.jpg 1754w\" sizes=\"(max-width: 724px) 100vw, 724px\" \/><\/figure>\n<\/div>\n<\/div>\n","protected":false},"excerpt":{"rendered":"Aula Aberta: Ilumina\u00e7\u00e3o P\u00fablica Realiza-se, dia 22 de abril, a Aula aberta subordinada ao tema \ud835\udc08\ud835\udc25\ud835\udc2e\ud835\udc26\ud835\udc22\ud835\udc27\ud835\udc1a\ud835\udc1c\u0327\ud835\udc1a\u0303\ud835\udc28 \ud835\udc0f\ud835\udc2e\u0301\ud835\udc1b\ud835\udc25\ud835\udc22\ud835\udc1c\ud835\udc1a. Ter\u00e1 como orador Francisco T\u00e1vora. 22 de abril | Anfiteatro -1.02, Edif\u00edcio B 18h00","protected":false},"author":116,"featured_media":0,"comment_status":"closed","ping_status":"closed","sticky":false,"template":"","format":"standard","meta":{"custompostfields_banners":"","custompostfields_front-page-gallery-thumbnails":"","post_post-custom-url":"","post_post-custom-url-target":""},"categories":[42,43,1],"tags":[],"_links":{"self":[{"href":"https:\/\/www.ipleiria.pt\/estg\/wp-json\/wp\/v2\/posts\/13314"}],"collection":[{"href":"https:\/\/www.ipleiria.pt\/estg\/wp-json\/wp\/v2\/posts"}],"about":[{"href":"https:\/\/www.ipleiria.pt\/estg\/wp-json\/wp\/v2\/types\/post"}],"author":[{"embeddable":true,"href":"https:\/\/www.ipleiria.pt\/estg\/wp-json\/wp\/v2\/users\/116"}],"replies":[{"embeddable":true,"href":"https:\/\/www.ipleiria.pt\/estg\/wp-json\/wp\/v2\/comments?post=13314"}],"version-history":[{"count":3,"href":"https:\/\/www.ipleiria.pt\/estg\/wp-json\/wp\/v2\/posts\/13314\/revisions"}],"predecessor-version":[{"id":13339,"href":"https:\/\/www.ipleiria.pt\/estg\/wp-json\/wp\/v2\/posts\/13314\/revisions\/13339"}],"wp:attachment":[{"href":"https:\/\/www.ipleiria.pt\/estg\/wp-json\/wp\/v2\/media?parent=13314"}],"wp:term":[{"taxonomy":"category","embeddable":true,"href":"https:\/\/www.ipleiria.pt\/estg\/wp-json\/wp\/v2\/categories?post=13314"},{"taxonomy":"post_tag","embeddable":true,"href":"https:\/\/www.ipleiria.pt\/estg\/wp-json\/wp\/v2\/tags?post=13314"}],"curies":[{"name":"wp","href":"https:\/\/api.w.org\/{rel}","templated":true}]}}