{"id":13327,"date":"2026-04-22T09:59:31","date_gmt":"2026-04-22T09:59:31","guid":{"rendered":"https:\/\/www.ipleiria.pt\/estg\/?p=13327"},"modified":"2026-04-23T08:54:03","modified_gmt":"2026-04-23T08:54:03","slug":"aula-aberta-cfa-research-equity-e-avaliacao-de-pme-apresentacao-de-estudos-de-caso","status":"publish","type":"post","link":"https:\/\/www.ipleiria.pt\/estg\/2026\/04\/22\/aula-aberta-cfa-research-equity-e-avaliacao-de-pme-apresentacao-de-estudos-de-caso\/","title":{"rendered":"Aula Aberta: CFA RESEARCH EQUITY e AVALIA\u00c7\u00c3O DE PME \u2013 Apresenta\u00e7\u00e3o de estudos de caso"},"content":{"rendered":"\n<p class=\"is-style-theme-title-inherit-color\">Aula Aberta: CFA RESEARCH EQUITY e AVALIA\u00c7\u00c3O DE PME \u2013 Apresenta\u00e7\u00e3o de estudos de caso<\/p>\n\n\n\n<p><\/p>\n\n\n\n<div class=\"wp-container-3 wp-block-columns\">\n<div class=\"wp-container-1 wp-block-column\">\n<p>Ter\u00e1 lugar no dia 22 de abril, a Aula aberta subordinada ao tema: <strong>CFA RESEARCH EQUITY e AVALIA\u00c7\u00c3O DE PME<\/strong>.  <\/p>\n\n\n\n<p>A Aula aberta conta com as comunica\u00e7\u00f5es de Daniel Pe\u00e7a, David Antunes, Salvador Montez e Francisco Ferreira, os quatro estudantes do Departamento de Gest\u00e3o e Economia que participaram na fase final da competi\u00e7\u00e3o nacional do CFA Equity Reasearch, bem como Alexandre Santos, mestre em Finan\u00e7as Empresariais e Ant\u00f3nio Gomes, mestre em Finan\u00e7as Empresariais.<\/p>\n\n\n\n<p><img loading=\"lazy\" height=\"16\" width=\"16\" src=\"https:\/\/static.xx.fbcdn.net\/images\/emoji.php\/v9\/t2d\/1\/16\/1f4cd.png\" alt=\"\ud83d\udccd\">Sala A.S.2.12 | 22 de abril<\/p>\n\n\n\n<p><img loading=\"lazy\" height=\"16\" width=\"16\" src=\"https:\/\/static.xx.fbcdn.net\/images\/emoji.php\/v9\/t34\/1\/16\/23f0.png\" alt=\"\u23f0\"> 19h00<\/p>\n<\/div>\n\n\n\n<div class=\"wp-container-2 wp-block-column\">\n<figure class=\"wp-block-image size-large\"><img loading=\"lazy\" width=\"1024\" height=\"1024\" src=\"https:\/\/www.ipleiria.pt\/estg\/wp-content\/uploads\/sites\/32\/2026\/04\/Aula-Aberta_20_04_2026_CFA-RESEARCH-EQUITY-e-AVALIAC\u0327A\u0303O-DE-PME-1024x1024.jpg\" alt=\"\" class=\"wp-image-13328\" srcset=\"https:\/\/www.ipleiria.pt\/estg\/wp-content\/uploads\/sites\/32\/2026\/04\/Aula-Aberta_20_04_2026_CFA-RESEARCH-EQUITY-e-AVALIAC\u0327A\u0303O-DE-PME-1024x1024.jpg 1024w, https:\/\/www.ipleiria.pt\/estg\/wp-content\/uploads\/sites\/32\/2026\/04\/Aula-Aberta_20_04_2026_CFA-RESEARCH-EQUITY-e-AVALIAC\u0327A\u0303O-DE-PME-300x300.jpg 300w, https:\/\/www.ipleiria.pt\/estg\/wp-content\/uploads\/sites\/32\/2026\/04\/Aula-Aberta_20_04_2026_CFA-RESEARCH-EQUITY-e-AVALIAC\u0327A\u0303O-DE-PME-150x150.jpg 150w, https:\/\/www.ipleiria.pt\/estg\/wp-content\/uploads\/sites\/32\/2026\/04\/Aula-Aberta_20_04_2026_CFA-RESEARCH-EQUITY-e-AVALIAC\u0327A\u0303O-DE-PME-768x768.jpg 768w, https:\/\/www.ipleiria.pt\/estg\/wp-content\/uploads\/sites\/32\/2026\/04\/Aula-Aberta_20_04_2026_CFA-RESEARCH-EQUITY-e-AVALIAC\u0327A\u0303O-DE-PME-1536x1536.jpg 1536w, https:\/\/www.ipleiria.pt\/estg\/wp-content\/uploads\/sites\/32\/2026\/04\/Aula-Aberta_20_04_2026_CFA-RESEARCH-EQUITY-e-AVALIAC\u0327A\u0303O-DE-PME-2048x2048.jpg 2048w\" sizes=\"(max-width: 1024px) 100vw, 1024px\" \/><\/figure>\n<\/div>\n<\/div>\n","protected":false},"excerpt":{"rendered":"Aula Aberta: CFA RESEARCH EQUITY e AVALIA\u00c7\u00c3O DE PME \u2013 Apresenta\u00e7\u00e3o de estudos de caso Ter\u00e1 lugar no dia 22 de abril, a Aula aberta subordinada ao tema: CFA RESEARCH EQUITY e AVALIA\u00c7\u00c3O DE PME. A Aula aberta conta com as comunica\u00e7\u00f5es de Daniel Pe\u00e7a, David Antunes, Salvador Montez e Francisco Ferreira, os quatro estudantes [&hellip;]","protected":false},"author":116,"featured_media":0,"comment_status":"closed","ping_status":"closed","sticky":false,"template":"","format":"standard","meta":{"custompostfields_banners":"","custompostfields_front-page-gallery-thumbnails":"","post_post-custom-url":"","post_post-custom-url-target":""},"categories":[42,43,1],"tags":[],"_links":{"self":[{"href":"https:\/\/www.ipleiria.pt\/estg\/wp-json\/wp\/v2\/posts\/13327"}],"collection":[{"href":"https:\/\/www.ipleiria.pt\/estg\/wp-json\/wp\/v2\/posts"}],"about":[{"href":"https:\/\/www.ipleiria.pt\/estg\/wp-json\/wp\/v2\/types\/post"}],"author":[{"embeddable":true,"href":"https:\/\/www.ipleiria.pt\/estg\/wp-json\/wp\/v2\/users\/116"}],"replies":[{"embeddable":true,"href":"https:\/\/www.ipleiria.pt\/estg\/wp-json\/wp\/v2\/comments?post=13327"}],"version-history":[{"count":1,"href":"https:\/\/www.ipleiria.pt\/estg\/wp-json\/wp\/v2\/posts\/13327\/revisions"}],"predecessor-version":[{"id":13329,"href":"https:\/\/www.ipleiria.pt\/estg\/wp-json\/wp\/v2\/posts\/13327\/revisions\/13329"}],"wp:attachment":[{"href":"https:\/\/www.ipleiria.pt\/estg\/wp-json\/wp\/v2\/media?parent=13327"}],"wp:term":[{"taxonomy":"category","embeddable":true,"href":"https:\/\/www.ipleiria.pt\/estg\/wp-json\/wp\/v2\/categories?post=13327"},{"taxonomy":"post_tag","embeddable":true,"href":"https:\/\/www.ipleiria.pt\/estg\/wp-json\/wp\/v2\/tags?post=13327"}],"curies":[{"name":"wp","href":"https:\/\/api.w.org\/{rel}","templated":true}]}}