{"id":13340,"date":"2026-04-22T13:50:01","date_gmt":"2026-04-22T13:50:01","guid":{"rendered":"https:\/\/www.ipleiria.pt\/estg\/?p=13340"},"modified":"2026-04-22T13:50:28","modified_gmt":"2026-04-22T13:50:28","slug":"aula-aberta-partilha-de-experiencias-de-investigacao-metodos-e-tecnicas-de-investigacao-sustentabilidade-e-economia-circular","status":"publish","type":"post","link":"https:\/\/www.ipleiria.pt\/estg\/2026\/04\/22\/aula-aberta-partilha-de-experiencias-de-investigacao-metodos-e-tecnicas-de-investigacao-sustentabilidade-e-economia-circular\/","title":{"rendered":"Aula Aberta: Partilha de experi\u00eancias de Investiga\u00e7\u00e3o\/ M\u00e9todos e t\u00e9cnicas de Investiga\u00e7\u00e3o \u2013 Sustentabilidade e Economia circular\u00a0"},"content":{"rendered":"\n<p class=\"is-style-theme-title-inherit-color\">Aula Aberta: <strong>Partilha de experi\u00eancias de Investiga\u00e7\u00e3o\/ M\u00e9todos e t\u00e9cnicas de Investiga\u00e7\u00e3o \u2013 Sustentabilidade e Economia circular\u00a0<\/strong><\/p>\n\n\n\n<p><\/p>\n\n\n\n<div class=\"wp-container-3 wp-block-columns\">\n<div class=\"wp-container-1 wp-block-column\">\n<p>Realiza-se, dia 27 de abril, a Aula aberta: \ud835\udc0f\ud835\udc1a\ud835\udc2b\ud835\udc2d\ud835\udc22\ud835\udc25\ud835\udc21\ud835\udc1a \ud835\udc1d\ud835\udc1e \ud835\udc1e\ud835\udc31\ud835\udc29\ud835\udc1e\ud835\udc2b\ud835\udc22\ud835\udc1e\u0302\ud835\udc27\ud835\udc1c\ud835\udc22\ud835\udc1a\ud835\udc2c \ud835\udc1d\ud835\udc1e \ud835\udc08\ud835\udc27\ud835\udc2f\ud835\udc1e\ud835\udc2c\ud835\udc2d\ud835\udc22\ud835\udc20\ud835\udc1a\ud835\udc1c\u0327\ud835\udc1a\u0303\ud835\udc28\/ \ud835\udc0c\ud835\udc1e\u0301\ud835\udc2d\ud835\udc28\ud835\udc1d\ud835\udc28\ud835\udc2c \ud835\udc1e \ud835\udc2d\ud835\udc1e\u0301\ud835\udc1c\ud835\udc27\ud835\udc22\ud835\udc1c\ud835\udc1a\ud835\udc2c \ud835\udc1d\ud835\udc1e \ud835\udc08\ud835\udc27\ud835\udc2f\ud835\udc1e\ud835\udc2c\ud835\udc2d\ud835\udc22\ud835\udc20\ud835\udc1a\ud835\udc1c\u0327\ud835\udc1a\u0303\ud835\udc28 \u2013 \ud835\udc12\ud835\udc2e\ud835\udc2c\ud835\udc2d\ud835\udc1e\ud835\udc27\ud835\udc2d\ud835\udc1a\ud835\udc1b\ud835\udc22\ud835\udc25\ud835\udc22\ud835\udc1d\ud835\udc1a\ud835\udc1d\ud835\udc1e \ud835\udc1e \ud835\udc04\ud835\udc1c\ud835\udc28\ud835\udc27\ud835\udc28\ud835\udc26\ud835\udc22\ud835\udc1a \ud835\udc1c\ud835\udc22\ud835\udc2b\ud835\udc1c\ud835\udc2e\ud835\udc25\ud835\udc1a\ud835\udc2b\u00a0.  Ter\u00e1 como oradores convidados C\u00e9lio Andrade e Gustavo de Oliveira Hananuer. <\/p>\n\n\n\n<p><img loading=\"lazy\" height=\"16\" width=\"16\" src=\"https:\/\/static.xx.fbcdn.net\/images\/emoji.php\/v9\/t2d\/1\/16\/1f4cd.png\" alt=\"\ud83d\udccd\">Sala DS. 0.3 | Edif\u00edcio D <\/p>\n\n\n\n<p><img loading=\"lazy\" height=\"16\" width=\"16\" src=\"https:\/\/static.xx.fbcdn.net\/images\/emoji.php\/v9\/t34\/1\/16\/23f0.png\" alt=\"\u23f0\"> 19h00<\/p>\n<\/div>\n\n\n\n<div class=\"wp-container-2 wp-block-column\">\n<figure class=\"wp-block-image size-large\"><img loading=\"lazy\" width=\"1024\" height=\"1024\" src=\"https:\/\/www.ipleiria.pt\/estg\/wp-content\/uploads\/sites\/32\/2026\/04\/Aula-Aberta_Celio-e-Gustavo-1024x1024.jpg\" alt=\"\" class=\"wp-image-13341\" srcset=\"https:\/\/www.ipleiria.pt\/estg\/wp-content\/uploads\/sites\/32\/2026\/04\/Aula-Aberta_Celio-e-Gustavo-1024x1024.jpg 1024w, https:\/\/www.ipleiria.pt\/estg\/wp-content\/uploads\/sites\/32\/2026\/04\/Aula-Aberta_Celio-e-Gustavo-300x300.jpg 300w, https:\/\/www.ipleiria.pt\/estg\/wp-content\/uploads\/sites\/32\/2026\/04\/Aula-Aberta_Celio-e-Gustavo-150x150.jpg 150w, https:\/\/www.ipleiria.pt\/estg\/wp-content\/uploads\/sites\/32\/2026\/04\/Aula-Aberta_Celio-e-Gustavo-768x768.jpg 768w, https:\/\/www.ipleiria.pt\/estg\/wp-content\/uploads\/sites\/32\/2026\/04\/Aula-Aberta_Celio-e-Gustavo-1536x1536.jpg 1536w, https:\/\/www.ipleiria.pt\/estg\/wp-content\/uploads\/sites\/32\/2026\/04\/Aula-Aberta_Celio-e-Gustavo-2048x2048.jpg 2048w\" sizes=\"(max-width: 1024px) 100vw, 1024px\" \/><\/figure>\n<\/div>\n<\/div>\n","protected":false},"excerpt":{"rendered":"Aula Aberta: Partilha de experi\u00eancias de Investiga\u00e7\u00e3o\/ M\u00e9todos e t\u00e9cnicas de Investiga\u00e7\u00e3o \u2013 Sustentabilidade e Economia circular\u00a0 Realiza-se, dia 27 de abril, a Aula aberta: \ud835\udc0f\ud835\udc1a\ud835\udc2b\ud835\udc2d\ud835\udc22\ud835\udc25\ud835\udc21\ud835\udc1a \ud835\udc1d\ud835\udc1e \ud835\udc1e\ud835\udc31\ud835\udc29\ud835\udc1e\ud835\udc2b\ud835\udc22\ud835\udc1e\u0302\ud835\udc27\ud835\udc1c\ud835\udc22\ud835\udc1a\ud835\udc2c \ud835\udc1d\ud835\udc1e \ud835\udc08\ud835\udc27\ud835\udc2f\ud835\udc1e\ud835\udc2c\ud835\udc2d\ud835\udc22\ud835\udc20\ud835\udc1a\ud835\udc1c\u0327\ud835\udc1a\u0303\ud835\udc28\/ \ud835\udc0c\ud835\udc1e\u0301\ud835\udc2d\ud835\udc28\ud835\udc1d\ud835\udc28\ud835\udc2c \ud835\udc1e \ud835\udc2d\ud835\udc1e\u0301\ud835\udc1c\ud835\udc27\ud835\udc22\ud835\udc1c\ud835\udc1a\ud835\udc2c \ud835\udc1d\ud835\udc1e \ud835\udc08\ud835\udc27\ud835\udc2f\ud835\udc1e\ud835\udc2c\ud835\udc2d\ud835\udc22\ud835\udc20\ud835\udc1a\ud835\udc1c\u0327\ud835\udc1a\u0303\ud835\udc28 \u2013 \ud835\udc12\ud835\udc2e\ud835\udc2c\ud835\udc2d\ud835\udc1e\ud835\udc27\ud835\udc2d\ud835\udc1a\ud835\udc1b\ud835\udc22\ud835\udc25\ud835\udc22\ud835\udc1d\ud835\udc1a\ud835\udc1d\ud835\udc1e \ud835\udc1e \ud835\udc04\ud835\udc1c\ud835\udc28\ud835\udc27\ud835\udc28\ud835\udc26\ud835\udc22\ud835\udc1a \ud835\udc1c\ud835\udc22\ud835\udc2b\ud835\udc1c\ud835\udc2e\ud835\udc25\ud835\udc1a\ud835\udc2b\u00a0. Ter\u00e1 como oradores convidados C\u00e9lio Andrade e Gustavo de Oliveira Hananuer. Sala DS. 0.3 | [&hellip;]","protected":false},"author":116,"featured_media":0,"comment_status":"closed","ping_status":"closed","sticky":true,"template":"","format":"standard","meta":{"custompostfields_banners":"","custompostfields_front-page-gallery-thumbnails":"","post_post-custom-url":"","post_post-custom-url-target":""},"categories":[42,43,1],"tags":[],"_links":{"self":[{"href":"https:\/\/www.ipleiria.pt\/estg\/wp-json\/wp\/v2\/posts\/13340"}],"collection":[{"href":"https:\/\/www.ipleiria.pt\/estg\/wp-json\/wp\/v2\/posts"}],"about":[{"href":"https:\/\/www.ipleiria.pt\/estg\/wp-json\/wp\/v2\/types\/post"}],"author":[{"embeddable":true,"href":"https:\/\/www.ipleiria.pt\/estg\/wp-json\/wp\/v2\/users\/116"}],"replies":[{"embeddable":true,"href":"https:\/\/www.ipleiria.pt\/estg\/wp-json\/wp\/v2\/comments?post=13340"}],"version-history":[{"count":2,"href":"https:\/\/www.ipleiria.pt\/estg\/wp-json\/wp\/v2\/posts\/13340\/revisions"}],"predecessor-version":[{"id":13343,"href":"https:\/\/www.ipleiria.pt\/estg\/wp-json\/wp\/v2\/posts\/13340\/revisions\/13343"}],"wp:attachment":[{"href":"https:\/\/www.ipleiria.pt\/estg\/wp-json\/wp\/v2\/media?parent=13340"}],"wp:term":[{"taxonomy":"category","embeddable":true,"href":"https:\/\/www.ipleiria.pt\/estg\/wp-json\/wp\/v2\/categories?post=13340"},{"taxonomy":"post_tag","embeddable":true,"href":"https:\/\/www.ipleiria.pt\/estg\/wp-json\/wp\/v2\/tags?post=13340"}],"curies":[{"name":"wp","href":"https:\/\/api.w.org\/{rel}","templated":true}]}}