{"id":13360,"date":"2026-04-28T09:17:18","date_gmt":"2026-04-28T09:17:18","guid":{"rendered":"https:\/\/www.ipleiria.pt\/estg\/?p=13360"},"modified":"2026-04-28T09:17:44","modified_gmt":"2026-04-28T09:17:44","slug":"xii-exchange-programme-for-students-of-paralegal-studies-law-for-solicitors-and-public-administration-4-a-8-de-maio","status":"publish","type":"post","link":"https:\/\/www.ipleiria.pt\/estg\/2026\/04\/28\/xii-exchange-programme-for-students-of-paralegal-studies-law-for-solicitors-and-public-administration-4-a-8-de-maio\/","title":{"rendered":"XII Exchange Programme for Students of Paralegal Studies, Law for Solicitors, and Public Administration | 4 a 8 de maio"},"content":{"rendered":"\n<p class=\"is-style-theme-title-inherit-color\">XII Exchange Programme for Students of Paralegal Studies, Law for Solicitors, and Public Administration | 4 a 8 de maio <\/p>\n\n\n\n<p><\/p>\n\n\n\n<div class=\"wp-container-3 wp-block-columns\">\n<div class=\"wp-container-1 wp-block-column\">\n<p>Realiza-se,  de 4 a 8 de maio,  o <strong>Interc\u00e2mbio Luso-Belga-Italiano<\/strong>, promovido pelo Departamento de Ci\u00eancias Jur\u00eddicas e inserido  no <strong>Programa Blending Intensive Programme<\/strong>. Cinco dias de aprendizagem, partilha e exper\u00eancias culturais. <\/p>\n\n\n\n<p>Organiza\u00e7\u00e3o: DCJ\/ESTG<\/p>\n<\/div>\n\n\n\n<div class=\"wp-container-2 wp-block-column\">\n<figure class=\"wp-block-image size-large\"><img loading=\"lazy\" width=\"819\" height=\"1024\" src=\"https:\/\/www.ipleiria.pt\/estg\/wp-content\/uploads\/sites\/32\/2026\/04\/Cartaz-Intercambio-Luso-Belga-Italiano-819x1024.png\" alt=\"\" class=\"wp-image-13362\" srcset=\"https:\/\/www.ipleiria.pt\/estg\/wp-content\/uploads\/sites\/32\/2026\/04\/Cartaz-Intercambio-Luso-Belga-Italiano-819x1024.png 819w, https:\/\/www.ipleiria.pt\/estg\/wp-content\/uploads\/sites\/32\/2026\/04\/Cartaz-Intercambio-Luso-Belga-Italiano-240x300.png 240w, https:\/\/www.ipleiria.pt\/estg\/wp-content\/uploads\/sites\/32\/2026\/04\/Cartaz-Intercambio-Luso-Belga-Italiano-768x960.png 768w, https:\/\/www.ipleiria.pt\/estg\/wp-content\/uploads\/sites\/32\/2026\/04\/Cartaz-Intercambio-Luso-Belga-Italiano.png 1080w\" sizes=\"(max-width: 819px) 100vw, 819px\" \/><\/figure>\n<\/div>\n<\/div>\n","protected":false},"excerpt":{"rendered":"XII Exchange Programme for Students of Paralegal Studies, Law for Solicitors, and Public Administration | 4 a 8 de maio Realiza-se, de 4 a 8 de maio, o Interc\u00e2mbio Luso-Belga-Italiano, promovido pelo Departamento de Ci\u00eancias Jur\u00eddicas e inserido no Programa Blending Intensive Programme. Cinco dias de aprendizagem, partilha e exper\u00eancias culturais. Organiza\u00e7\u00e3o: DCJ\/ESTG","protected":false},"author":116,"featured_media":0,"comment_status":"closed","ping_status":"closed","sticky":true,"template":"","format":"standard","meta":{"custompostfields_banners":"","custompostfields_front-page-gallery-thumbnails":"13361","post_post-custom-url":"","post_post-custom-url-target":""},"categories":[43,23],"tags":[],"_links":{"self":[{"href":"https:\/\/www.ipleiria.pt\/estg\/wp-json\/wp\/v2\/posts\/13360"}],"collection":[{"href":"https:\/\/www.ipleiria.pt\/estg\/wp-json\/wp\/v2\/posts"}],"about":[{"href":"https:\/\/www.ipleiria.pt\/estg\/wp-json\/wp\/v2\/types\/post"}],"author":[{"embeddable":true,"href":"https:\/\/www.ipleiria.pt\/estg\/wp-json\/wp\/v2\/users\/116"}],"replies":[{"embeddable":true,"href":"https:\/\/www.ipleiria.pt\/estg\/wp-json\/wp\/v2\/comments?post=13360"}],"version-history":[{"count":3,"href":"https:\/\/www.ipleiria.pt\/estg\/wp-json\/wp\/v2\/posts\/13360\/revisions"}],"predecessor-version":[{"id":13365,"href":"https:\/\/www.ipleiria.pt\/estg\/wp-json\/wp\/v2\/posts\/13360\/revisions\/13365"}],"wp:attachment":[{"href":"https:\/\/www.ipleiria.pt\/estg\/wp-json\/wp\/v2\/media?parent=13360"}],"wp:term":[{"taxonomy":"category","embeddable":true,"href":"https:\/\/www.ipleiria.pt\/estg\/wp-json\/wp\/v2\/categories?post=13360"},{"taxonomy":"post_tag","embeddable":true,"href":"https:\/\/www.ipleiria.pt\/estg\/wp-json\/wp\/v2\/tags?post=13360"}],"curies":[{"name":"wp","href":"https:\/\/api.w.org\/{rel}","templated":true}]}}