{"id":11870,"date":"2026-01-05T17:32:42","date_gmt":"2026-01-05T17:32:42","guid":{"rendered":"https:\/\/www.ipleiria.pt\/estm\/?p=11870"},"modified":"2026-03-09T09:45:23","modified_gmt":"2026-03-09T09:45:23","slug":"politecnico-de-leiria-e-fpas-criam-academia-nacional-de-atividades-subaquaticas-em-peniche","status":"publish","type":"post","link":"https:\/\/www.ipleiria.pt\/estm\/politecnico-de-leiria-e-fpas-criam-academia-nacional-de-atividades-subaquaticas-em-peniche\/","title":{"rendered":"Polit\u00e9cnico de Leiria e FPAS criam Academia Nacional de Atividades Subaqu\u00e1ticas em Peniche"},"content":{"rendered":"\n<h2 class=\"is-style-theme-title\">Polit\u00e9cnico de Leiria e FPAS criam Academia Nacional de Atividades Subaqu\u00e1ticas em Peniche<\/h2>\n\n\n\n<p class=\"is-style-theme-subtitle\">Celebrado acordo estrat\u00e9gico que visa refor\u00e7ar a forma\u00e7\u00e3o, investiga\u00e7\u00e3o cient\u00edfica, inova\u00e7\u00e3o e transfer\u00eancia de conhecimento<\/p>\n\n\n\n<div style=\"height:37px\" aria-hidden=\"true\" class=\"wp-block-spacer\"><\/div>\n\n\n\n<div class=\"wp-container-3 wp-block-columns\">\n<div class=\"wp-container-1 wp-block-column\">\n<p>O Instituto Polit\u00e9cnico de Leiria (IPLeiria) e a <strong>Federa\u00e7\u00e3o Portuguesa de Atividades Subaqu\u00e1ticas (FPAS)<\/strong> celebraram um <strong>protocolo de colabora\u00e7\u00e3o<\/strong> que estabelece a cria\u00e7\u00e3o da <strong>Academia Nacional de Atividades Subaqu\u00e1ticas<\/strong>, a funcionar em articula\u00e7\u00e3o com a<strong> Escola Superior de Turismo e Tecnologia do Mar (ESTM), em Peniche<\/strong>. <\/p>\n\n\n\n<p>Este acordo estrat\u00e9gico visa potenciar sinergias entre as duas institui\u00e7\u00f5es, refor\u00e7ando a forma\u00e7\u00e3o, a investiga\u00e7\u00e3o cient\u00edfica, a inova\u00e7\u00e3o e a transfer\u00eancia de conhecimento nas \u00e1reas das atividades subaqu\u00e1ticas, com particular foco no mergulho recreativo, t\u00e9cnico e cient\u00edfico, contribuindo para a <strong>qualifica\u00e7\u00e3o de recursos humanos e para a utiliza\u00e7\u00e3o sustent\u00e1vel do meio marinho<\/strong>. <\/p>\n\n\n\n<p>A nova Academia integra-se no ecossistema do Hub Azul\/Smart Ocean Peniche, afirmando-se como uma infraestrutura estruturante para a atribui\u00e7\u00e3o de compet\u00eancias avan\u00e7adas, a experimenta\u00e7\u00e3o em contexto real e o desenvolvimento de solu\u00e7\u00f5es inovadoras no dom\u00ednio da economia azul, tirando vantagem do contexto \u00fanico proporcionado pela Reserva da Biosfera das Berlengas, territ\u00f3rio classificado pela UNESCO. <\/p>\n\n\n\n<p>Esta integra\u00e7\u00e3o refor\u00e7a a liga\u00e7\u00e3o entre o ensino superior, entidades de utilidade p\u00fablica, a investiga\u00e7\u00e3o aplicada, o setor empresarial e o territ\u00f3rio, promovendo Peniche como polo de refer\u00eancia nacional e internacional nas ci\u00eancias e tecnologias do mar. <\/p>\n\n\n\n<p>A Academia Nacional de Atividades Subaqu\u00e1ticas permitir\u00e1 a utiliza\u00e7\u00e3o partilhada de recursos humanos especializados, meios t\u00e9cnicos e infraestruturas, promovendo a\u00e7\u00f5es de forma\u00e7\u00e3o avan\u00e7ada, projetos de investiga\u00e7\u00e3o aplicada e iniciativas conjuntas de presta\u00e7\u00e3o de servi\u00e7os em \u00e1reas de interesse comum. <\/p>\n\n\n\n<p>\u201c<em>Este protocolo representa um passo determinante na consolida\u00e7\u00e3o do Hub Azul\/Smart Ocean Peniche como um verdadeiro laborat\u00f3rio vivo de forma\u00e7\u00e3o e inova\u00e7\u00e3o, bem como a afirma\u00e7\u00e3o da <strong>ESTM<\/strong> enquanto institui\u00e7\u00e3o de refer\u00eancia nacional e internacional na \u00e1rea das ci\u00eancias e tecnologias do mar. A possibilidade de desenvolver atividades formativas e cient\u00edficas num territ\u00f3rio classificado pela UNESCO, como a <strong>Reserva da Biosfera das Berlengas<\/strong>, permite capacitar futuros profissionais com compet\u00eancias cient\u00edficas, t\u00e9cnicas e operacionais de elevado valor acrescentado, alinhadas com os desafios da economia azul e da conserva\u00e7\u00e3o do meio marinho<\/em>\u201d, afirma <strong>S\u00e9rgio Leandro, diretor da ESTM<\/strong>. <\/p>\n\n\n\n<p><strong>Jo\u00e3o Jos\u00e9 Presidente da FPAS<\/strong>, afirmou \u201c<em>que a cria\u00e7\u00e3o de uma Academia Nacional de Atividades Subaqu\u00e1ticas no continente e nas regi\u00f5es aut\u00f3nomas \u00e9 um passo estrat\u00e9gico para uniformizar a forma\u00e7\u00e3o, refor\u00e7ar a seguran\u00e7a, valorizar o meio marinho e afirmar a FPAS como refer\u00eancia nacional na promo\u00e7\u00e3o sustent\u00e1vel das atividades subaqu\u00e1ticas.<\/em>\u201d Para a FPAS, o protocolo constitui um instrumento estrat\u00e9gico para o desenvolvimento sustentado das atividades subaqu\u00e1ticas em Portugal, assegurando elevados n\u00edveis t\u00e9cnicos, cient\u00edficos e de seguran\u00e7a, bem como a promo\u00e7\u00e3o do mergulho cient\u00edfico e da forma\u00e7\u00e3o especializada. <\/p>\n\n\n\n<p>O protocolo agora celebrado tem a dura\u00e7\u00e3o inicial de <strong>quatro anos<\/strong>, sendo renov\u00e1vel automaticamente, e enquadra-se numa vis\u00e3o partilhada de valoriza\u00e7\u00e3o do conhecimento, da inova\u00e7\u00e3o e da atribui\u00e7\u00e3o de compet\u00eancias avan\u00e7adas, contribuindo para o posicionamento de Peniche como territ\u00f3rio de excel\u00eancia na <strong>economia azul<\/strong>.<\/p>\n<\/div>\n\n\n\n<div class=\"wp-container-2 wp-block-column\">\n<figure class=\"wp-block-image size-large\"><img loading=\"lazy\" width=\"768\" height=\"1024\" src=\"https:\/\/www.ipleiria.pt\/estm\/wp-content\/uploads\/sites\/28\/2026\/01\/sl2-768x1024.jpg\" alt=\"\" class=\"wp-image-11871\" srcset=\"https:\/\/www.ipleiria.pt\/estm\/wp-content\/uploads\/sites\/28\/2026\/01\/sl2-768x1024.jpg 768w, https:\/\/www.ipleiria.pt\/estm\/wp-content\/uploads\/sites\/28\/2026\/01\/sl2-225x300.jpg 225w, https:\/\/www.ipleiria.pt\/estm\/wp-content\/uploads\/sites\/28\/2026\/01\/sl2-1152x1536.jpg 1152w, https:\/\/www.ipleiria.pt\/estm\/wp-content\/uploads\/sites\/28\/2026\/01\/sl2-1536x2048.jpg 1536w, https:\/\/www.ipleiria.pt\/estm\/wp-content\/uploads\/sites\/28\/2026\/01\/sl2-scaled.jpg 1920w\" sizes=\"(max-width: 768px) 100vw, 768px\" \/><\/figure>\n<\/div>\n<\/div>\n","protected":false},"excerpt":{"rendered":"Polit\u00e9cnico de Leiria e FPAS criam Academia Nacional de Atividades Subaqu\u00e1ticas em Peniche Celebrado acordo estrat\u00e9gico que visa refor\u00e7ar a forma\u00e7\u00e3o, investiga\u00e7\u00e3o cient\u00edfica, inova\u00e7\u00e3o e transfer\u00eancia de conhecimento O Instituto Polit\u00e9cnico de Leiria (IPLeiria) e a Federa\u00e7\u00e3o Portuguesa de Atividades Subaqu\u00e1ticas (FPAS) celebraram um protocolo de colabora\u00e7\u00e3o que estabelece a cria\u00e7\u00e3o da Academia Nacional de [&hellip;]","protected":false},"author":68,"featured_media":11874,"comment_status":"closed","ping_status":"closed","sticky":true,"template":"","format":"standard","meta":{"multilingual_post_translation":"","custompostfields_evento-data-inicio":"","custompostfields_evento-data-fim":"","custompostfields_evento-hora":"","custompostfields_front-page-gallery-thumbnails":"11873,11872","post_post-custom-url":"","post_post-custom-url-target":""},"categories":[17],"tags":[],"_links":{"self":[{"href":"https:\/\/www.ipleiria.pt\/estm\/wp-json\/wp\/v2\/posts\/11870"}],"collection":[{"href":"https:\/\/www.ipleiria.pt\/estm\/wp-json\/wp\/v2\/posts"}],"about":[{"href":"https:\/\/www.ipleiria.pt\/estm\/wp-json\/wp\/v2\/types\/post"}],"author":[{"embeddable":true,"href":"https:\/\/www.ipleiria.pt\/estm\/wp-json\/wp\/v2\/users\/68"}],"replies":[{"embeddable":true,"href":"https:\/\/www.ipleiria.pt\/estm\/wp-json\/wp\/v2\/comments?post=11870"}],"version-history":[{"count":3,"href":"https:\/\/www.ipleiria.pt\/estm\/wp-json\/wp\/v2\/posts\/11870\/revisions"}],"predecessor-version":[{"id":11877,"href":"https:\/\/www.ipleiria.pt\/estm\/wp-json\/wp\/v2\/posts\/11870\/revisions\/11877"}],"wp:featuredmedia":[{"embeddable":true,"href":"https:\/\/www.ipleiria.pt\/estm\/wp-json\/wp\/v2\/media\/11874"}],"wp:attachment":[{"href":"https:\/\/www.ipleiria.pt\/estm\/wp-json\/wp\/v2\/media?parent=11870"}],"wp:term":[{"taxonomy":"category","embeddable":true,"href":"https:\/\/www.ipleiria.pt\/estm\/wp-json\/wp\/v2\/categories?post=11870"},{"taxonomy":"post_tag","embeddable":true,"href":"https:\/\/www.ipleiria.pt\/estm\/wp-json\/wp\/v2\/tags?post=11870"}],"curies":[{"name":"wp","href":"https:\/\/api.w.org\/{rel}","templated":true}]}}