{"id":12468,"date":"2026-03-02T08:48:03","date_gmt":"2026-03-02T08:48:03","guid":{"rendered":"https:\/\/www.ipleiria.pt\/estm\/?p=12468"},"modified":"2026-03-20T14:29:15","modified_gmt":"2026-03-20T14:29:15","slug":"lancamento-do-livro-gestao-hoteleira-ii-conta-com-docente-da-estm-entre-os-autores","status":"publish","type":"post","link":"https:\/\/www.ipleiria.pt\/estm\/lancamento-do-livro-gestao-hoteleira-ii-conta-com-docente-da-estm-entre-os-autores\/","title":{"rendered":"Lan\u00e7amento do livro \u201cGest\u00e3o Hoteleira II\u201d conta com docente da ESTM entre os autores"},"content":{"rendered":"\n<p class=\"is-style-theme-title\">Lan\u00e7amento do livro \u201cGest\u00e3o Hoteleira II\u201d conta com docente da ESTM entre os autores<\/p>\n\n\n\n<div style=\"height:38px\" aria-hidden=\"true\" class=\"wp-block-spacer\"><\/div>\n\n\n\n<div class=\"wp-container-3 wp-block-columns\">\n<div class=\"wp-container-1 wp-block-column\">\n<p>O livro <em>Gest\u00e3o Hoteleira II<\/em> &#8211; Sustentabilidade, Experi\u00eancia e Tecnologia, da autoria de <strong>Anabela Elias<\/strong>, <strong>Nuno Abranja<\/strong> e <strong>Mafalda Almeida<\/strong>, foi apresentado no domingo dia 06 de mar\u00e7o de 2026,  numa sess\u00e3o que reuniu mais de 300 participantes, entre profissionais, docentes, estudantes e interessados na \u00e1rea da hotelaria.<\/p>\n\n\n\n<p>Publicado pela FCA Pactor Editores, do grupo LIDEL, o livro surge como um contributo relevante para a \u00e1rea da gest\u00e3o hoteleira, abordando temas atuais e fundamentais para a compreens\u00e3o das din\u00e2micas e desafios do setor.<\/p>\n\n\n\n<p>Entre os autores encontra-se <strong>Anabela Elias<\/strong>, docente da Escola Superior de Turismo e Tecnologia do Mar (ESTM) do Polit\u00e9cnico de Leiria, cuja colabora\u00e7\u00e3o refor\u00e7a o papel da escola na produ\u00e7\u00e3o e dissemina\u00e7\u00e3o de conhecimento cient\u00edfico nas \u00e1reas do turismo, hotelaria e gest\u00e3o.<\/p>\n\n\n\n<p>A sess\u00e3o de lan\u00e7amento contou ainda com a participa\u00e7\u00e3o de <strong>Catarina Paiva<\/strong>, administradora do <strong>Turismo de Portugal,<\/strong> e de <strong>Fernando Garrido<\/strong>, presidente da <strong>ADHP <\/strong>\u2013 <strong>Associa\u00e7\u00e3o dos Directores de Hot\u00e9is de Portugal<\/strong>, que destacaram a import\u00e2ncia da forma\u00e7\u00e3o, da investiga\u00e7\u00e3o e da partilha de conhecimento para o desenvolvimento do setor hoteleiro.<\/p>\n\n\n\n<p>Mais informa\u00e7\u00f5es sobre a obra podem ser consultadas em:<br><a rel=\"noreferrer noopener\" href=\"https:\/\/www.pactor.pt\/pt\/catalogo\/hotelaria-turismo\/hotelaria-turismo\/gestao-hoteleira-ii\/\" data-type=\"URL\" data-id=\"https:\/\/www.pactor.pt\/pt\/catalogo\/hotelaria-turismo\/hotelaria-turismo\/gestao-hoteleira-ii\/\" target=\"_blank\">Website FCA Pactor Editores<\/a><\/p>\n<\/div>\n\n\n\n<div class=\"wp-container-2 wp-block-column\">\n<figure class=\"wp-block-image size-large\"><img loading=\"lazy\" width=\"1024\" height=\"768\" src=\"https:\/\/www.ipleiria.pt\/estm\/wp-content\/uploads\/sites\/28\/2026\/03\/1772902078166-1024x768.jpg\" alt=\"\" class=\"wp-image-12469\" srcset=\"https:\/\/www.ipleiria.pt\/estm\/wp-content\/uploads\/sites\/28\/2026\/03\/1772902078166-1024x768.jpg 1024w, https:\/\/www.ipleiria.pt\/estm\/wp-content\/uploads\/sites\/28\/2026\/03\/1772902078166-300x225.jpg 300w, https:\/\/www.ipleiria.pt\/estm\/wp-content\/uploads\/sites\/28\/2026\/03\/1772902078166-768x576.jpg 768w, https:\/\/www.ipleiria.pt\/estm\/wp-content\/uploads\/sites\/28\/2026\/03\/1772902078166-1536x1151.jpg 1536w, https:\/\/www.ipleiria.pt\/estm\/wp-content\/uploads\/sites\/28\/2026\/03\/1772902078166.jpg 2048w\" sizes=\"(max-width: 1024px) 100vw, 1024px\" \/><\/figure>\n\n\n\n<div style=\"height:43px\" aria-hidden=\"true\" class=\"wp-block-spacer\"><\/div>\n\n\n\n<figure class=\"wp-block-image size-large\"><img loading=\"lazy\" width=\"1024\" height=\"473\" src=\"https:\/\/www.ipleiria.pt\/estm\/wp-content\/uploads\/sites\/28\/2026\/03\/1772902074294-1024x473.jpg\" alt=\"\" class=\"wp-image-12470\" srcset=\"https:\/\/www.ipleiria.pt\/estm\/wp-content\/uploads\/sites\/28\/2026\/03\/1772902074294-1024x473.jpg 1024w, https:\/\/www.ipleiria.pt\/estm\/wp-content\/uploads\/sites\/28\/2026\/03\/1772902074294-300x139.jpg 300w, https:\/\/www.ipleiria.pt\/estm\/wp-content\/uploads\/sites\/28\/2026\/03\/1772902074294-768x355.jpg 768w, https:\/\/www.ipleiria.pt\/estm\/wp-content\/uploads\/sites\/28\/2026\/03\/1772902074294-1536x709.jpg 1536w, https:\/\/www.ipleiria.pt\/estm\/wp-content\/uploads\/sites\/28\/2026\/03\/1772902074294.jpg 2040w\" sizes=\"(max-width: 1024px) 100vw, 1024px\" \/><\/figure>\n<\/div>\n<\/div>\n","protected":false},"excerpt":{"rendered":"Lan\u00e7amento do livro \u201cGest\u00e3o Hoteleira II\u201d conta com docente da ESTM entre os autores O livro Gest\u00e3o Hoteleira II &#8211; Sustentabilidade, Experi\u00eancia e Tecnologia, da autoria de Anabela Elias, Nuno Abranja e Mafalda Almeida, foi apresentado no domingo dia 06 de mar\u00e7o de 2026, numa sess\u00e3o que reuniu mais de 300 participantes, entre profissionais, docentes, [&hellip;]","protected":false},"author":68,"featured_media":12473,"comment_status":"closed","ping_status":"closed","sticky":true,"template":"","format":"standard","meta":{"multilingual_post_translation":"","custompostfields_evento-data-inicio":"","custompostfields_evento-data-fim":"","custompostfields_evento-hora":"","custompostfields_front-page-gallery-thumbnails":"12472,12471","post_post-custom-url":"","post_post-custom-url-target":""},"categories":[17],"tags":[],"_links":{"self":[{"href":"https:\/\/www.ipleiria.pt\/estm\/wp-json\/wp\/v2\/posts\/12468"}],"collection":[{"href":"https:\/\/www.ipleiria.pt\/estm\/wp-json\/wp\/v2\/posts"}],"about":[{"href":"https:\/\/www.ipleiria.pt\/estm\/wp-json\/wp\/v2\/types\/post"}],"author":[{"embeddable":true,"href":"https:\/\/www.ipleiria.pt\/estm\/wp-json\/wp\/v2\/users\/68"}],"replies":[{"embeddable":true,"href":"https:\/\/www.ipleiria.pt\/estm\/wp-json\/wp\/v2\/comments?post=12468"}],"version-history":[{"count":6,"href":"https:\/\/www.ipleiria.pt\/estm\/wp-json\/wp\/v2\/posts\/12468\/revisions"}],"predecessor-version":[{"id":12480,"href":"https:\/\/www.ipleiria.pt\/estm\/wp-json\/wp\/v2\/posts\/12468\/revisions\/12480"}],"wp:featuredmedia":[{"embeddable":true,"href":"https:\/\/www.ipleiria.pt\/estm\/wp-json\/wp\/v2\/media\/12473"}],"wp:attachment":[{"href":"https:\/\/www.ipleiria.pt\/estm\/wp-json\/wp\/v2\/media?parent=12468"}],"wp:term":[{"taxonomy":"category","embeddable":true,"href":"https:\/\/www.ipleiria.pt\/estm\/wp-json\/wp\/v2\/categories?post=12468"},{"taxonomy":"post_tag","embeddable":true,"href":"https:\/\/www.ipleiria.pt\/estm\/wp-json\/wp\/v2\/tags?post=12468"}],"curies":[{"name":"wp","href":"https:\/\/api.w.org\/{rel}","templated":true}]}}