{"id":12955,"date":"2026-04-29T17:00:27","date_gmt":"2026-04-29T16:00:27","guid":{"rendered":"https:\/\/www.ipleiria.pt\/estm\/?p=12955"},"modified":"2026-04-29T17:04:38","modified_gmt":"2026-04-29T16:04:38","slug":"tomada-de-posse-dos-coordenadores-de-ciclos-de-estudo","status":"publish","type":"post","link":"https:\/\/www.ipleiria.pt\/estm\/tomada-de-posse-dos-coordenadores-de-ciclos-de-estudo\/","title":{"rendered":"Tomada de Posse dos Coordenadores de Ciclos de Estudo"},"content":{"rendered":"\n<h2 class=\"is-style-theme-title\">Tomada de Posse dos Coordenadores de Ciclos de Estudo<\/h2>\n\n\n\n<div style=\"height:43px\" aria-hidden=\"true\" class=\"wp-block-spacer\"><\/div>\n\n\n\n<div class=\"wp-container-3 wp-block-columns\">\n<div class=\"wp-container-1 wp-block-column\">\n<p>No dia 29 de abril de 2026, pelas 15h00, realizou-se no Audit\u00f3rio da Escola Superior de Turismo e Tecnologia do Mar (ESTM), em Peniche, a <strong>cerim\u00f3nia de tomada de posse dos Coordenadores de Ciclos de Estudo da Escola<\/strong>.<\/p>\n\n\n\n<p>A cerim\u00f3nia foi presidida pelo <strong>Presidente do Polit\u00e9cnico de Leiria<\/strong>, Professor Doutor <strong>Carlos Manuel da Silva Rabad\u00e3o<\/strong>, que, nos termos legais aplic\u00e1veis, conferiu posse aos docentes nomeados para a coordena\u00e7\u00e3o dos diversos ciclos de estudo, ap\u00f3s presta\u00e7\u00e3o do respetivo compromisso de honra.<\/p>\n\n\n\n<p>Foram empossados os seguintes coordenadores: <strong>Marco Filipe Loureiro Lemos <\/strong>(Mestrado em <em><a href=\"https:\/\/www.ipleiria.pt\/curso\/biociencias-marinhas\/\" data-type=\"URL\" data-id=\"https:\/\/www.ipleiria.pt\/curso\/biociencias-marinhas\/\" target=\"_blank\" rel=\"noreferrer noopener\">Bioci\u00eancias Marinhas<\/a><\/em>), <strong>Anabela Clemente Elias<\/strong> (Mestrado em <em><a href=\"https:\/\/www.ipleiria.pt\/curso\/mestrado-em-gestao-e-direcao-hoteleira\/\" data-type=\"URL\" data-id=\"https:\/\/www.ipleiria.pt\/curso\/mestrado-em-gestao-e-direcao-hoteleira\/\" target=\"_blank\" rel=\"noreferrer noopener\">Gest\u00e3o e Dire\u00e7\u00e3o Hoteleira<\/a><\/em>), <strong>Maria Jorge Geraldes Campos<\/strong> (Mestrado em <em><a href=\"https:\/\/www.ipleiria.pt\/curso\/mestrado-em-gestao-da-qualidade-e-seguranca-alimentar\/\" data-type=\"URL\" data-id=\"https:\/\/www.ipleiria.pt\/curso\/mestrado-em-gestao-da-qualidade-e-seguranca-alimentar\/\" target=\"_blank\" rel=\"noreferrer noopener\">Gest\u00e3o da Qualidade e Seguran\u00e7a Alimentar<\/a><\/em>), <strong>J\u00falia Fragoso da Fonseca<\/strong> (Mestrado em <em><a rel=\"noreferrer noopener\" href=\"https:\/\/www.ipleiria.pt\/curso\/mestrado-em-marketing-e-promocao-turistica\/\" data-type=\"URL\" data-id=\"https:\/\/www.ipleiria.pt\/curso\/mestrado-em-marketing-e-promocao-turistica\/\" target=\"_blank\">Marketing e Promo\u00e7\u00e3o Tur\u00edstica<\/a><\/em>), <strong>Jo\u00e3o Vilj\u00f6en de Vasconcelos<\/strong> (Mestrado em <em><a rel=\"noreferrer noopener\" href=\"https:\/\/www.ipleiria.pt\/curso\/master-in-sustainable-tourism-management\/\" data-type=\"URL\" data-id=\"https:\/\/www.ipleiria.pt\/curso\/master-in-sustainable-tourism-management\/\" target=\"_blank\">Sustainable Tourism Management<\/a><\/em>), <strong>Paulo Jorge de Sousa Maranh\u00e3o <\/strong>(Licenciatura em <em><a rel=\"noreferrer noopener\" href=\"https:\/\/www.ipleiria.pt\/curso\/biologia-marinha\/\" data-type=\"URL\" data-id=\"https:\/\/www.ipleiria.pt\/curso\/biologia-marinha\/\" target=\"_blank\">Biologia Marinha<\/a><\/em>), <strong>Rui Manuel Maneta Ganh\u00e3o<\/strong> (Licenciatura em <em><a rel=\"noreferrer noopener\" href=\"https:\/\/www.ipleiria.pt\/curso\/licenciatura-em-engenharia-alimentar\/\" data-type=\"URL\" data-id=\"https:\/\/www.ipleiria.pt\/curso\/licenciatura-em-engenharia-alimentar\/\" target=\"_blank\">Engenharia Alimentar<\/a><\/em>), <strong>Susana Filipa de Jesus Silva<\/strong> (Licenciatura em <em><a rel=\"noreferrer noopener\" href=\"https:\/\/www.ipleiria.pt\/curso\/sistemas-alimentares-sustentaveis\/\" data-type=\"URL\" data-id=\"https:\/\/www.ipleiria.pt\/curso\/sistemas-alimentares-sustentaveis\/\" target=\"_blank\">Sistemas Alimentares Sustent\u00e1veis<\/a><\/em>), <strong>C\u00e9lia Maria da Concei\u00e7\u00e3o Salmim Rafael <\/strong>(Licenciatura em <em><a rel=\"noreferrer noopener\" href=\"https:\/\/www.ipleiria.pt\/curso\/tecnologias-digitais-aplicadas-ao-turismo\/\" data-type=\"URL\" data-id=\"https:\/\/www.ipleiria.pt\/curso\/tecnologias-digitais-aplicadas-ao-turismo\/\" target=\"_blank\">Tecnologias Digitais Aplicadas ao Turismo<\/a><\/em>), <strong>S\u00f3nia Cristina Ferreira Cotrim Marques<\/strong> (CTeSP em <em><a rel=\"noreferrer noopener\" href=\"https:\/\/www.ipleiria.pt\/curso\/tesp-de-producao-e-manutencao-organismos-aquaticos\/\" data-type=\"URL\" data-id=\"https:\/\/www.ipleiria.pt\/curso\/tesp-de-producao-e-manutencao-organismos-aquaticos\/\" target=\"_blank\">Produ\u00e7\u00e3o e Manuten\u00e7\u00e3o de Organismos Aqu\u00e1ticos<\/a><\/em>) e <strong>Ana Elisa Carreta de Sousa <\/strong>(CTeSP em <em><a rel=\"noreferrer noopener\" href=\"https:\/\/www.ipleiria.pt\/curso\/tesp-de-marketing-digital-no-turismo\/\" data-type=\"URL\" data-id=\"https:\/\/www.ipleiria.pt\/curso\/tesp-de-marketing-digital-no-turismo\/\" target=\"_blank\">Marketing Digital no Turismo<\/a><\/em>).<\/p>\n\n\n\n<p><\/p>\n<\/div>\n\n\n\n<div class=\"wp-container-2 wp-block-column\">\n<p>A nomea\u00e7\u00e3o destes coordenadores refor\u00e7a o compromisso da ESTM com a qualidade pedag\u00f3gica, a inova\u00e7\u00e3o e a proximidade aos estudantes, assegurando a gest\u00e3o e desenvolvimento cont\u00ednuo dos seus ciclos de estudo.<\/p>\n\n\n\n<p>Muitos parab\u00e9ns a todos os empossados, votos de um excelente trabalho.<\/p>\n\n\n\n<figure class=\"wp-block-image size-large\"><img loading=\"lazy\" width=\"1024\" height=\"682\" src=\"https:\/\/www.ipleiria.pt\/estm\/wp-content\/uploads\/sites\/28\/2026\/04\/IMG_9613_web-1024x682.jpg\" alt=\"\" class=\"wp-image-12961\" srcset=\"https:\/\/www.ipleiria.pt\/estm\/wp-content\/uploads\/sites\/28\/2026\/04\/IMG_9613_web-1024x682.jpg 1024w, https:\/\/www.ipleiria.pt\/estm\/wp-content\/uploads\/sites\/28\/2026\/04\/IMG_9613_web-300x200.jpg 300w, https:\/\/www.ipleiria.pt\/estm\/wp-content\/uploads\/sites\/28\/2026\/04\/IMG_9613_web-768x511.jpg 768w, https:\/\/www.ipleiria.pt\/estm\/wp-content\/uploads\/sites\/28\/2026\/04\/IMG_9613_web.jpg 1200w\" sizes=\"(max-width: 1024px) 100vw, 1024px\" \/><\/figure>\n\n\n\n<div style=\"height:29px\" aria-hidden=\"true\" class=\"wp-block-spacer\"><\/div>\n\n\n\n<p><strong>Galeria de Imagens: <\/strong><br><a href=\"https:\/\/www.tumblr.com\/estm-politecnicodeleiria\/815243434229104640\/29042026-audit%C3%B3rio-estm-campus-4-peniche?source=share\" data-type=\"URL\" data-id=\"https:\/\/www.tumblr.com\/estm-politecnicodeleiria\/815243434229104640\/29042026-audit%C3%B3rio-estm-campus-4-peniche?source=share\" target=\"_blank\" rel=\"noreferrer noopener\">\u00c1lbum 1<\/a><br><a href=\"https:\/\/www.tumblr.com\/estm-politecnicodeleiria\/815243889072029696\/29042026-audit%C3%B3rio-estm-campus-4-peniche?source=share\" data-type=\"URL\" data-id=\"https:\/\/www.tumblr.com\/estm-politecnicodeleiria\/815243889072029696\/29042026-audit%C3%B3rio-estm-campus-4-peniche?source=share\" target=\"_blank\" rel=\"noreferrer noopener\">\u00c1lbum 2<\/a><br><\/p>\n<\/div>\n<\/div>\n","protected":false},"excerpt":{"rendered":"Tomada de Posse dos Coordenadores de Ciclos de Estudo No dia 29 de abril de 2026, pelas 15h00, realizou-se no Audit\u00f3rio da Escola Superior de Turismo e Tecnologia do Mar (ESTM), em Peniche, a cerim\u00f3nia de tomada de posse dos Coordenadores de Ciclos de Estudo da Escola. A cerim\u00f3nia foi presidida pelo Presidente do Polit\u00e9cnico [&hellip;]","protected":false},"author":68,"featured_media":0,"comment_status":"closed","ping_status":"closed","sticky":true,"template":"","format":"standard","meta":{"multilingual_post_translation":"","custompostfields_evento-data-inicio":"","custompostfields_evento-data-fim":"","custompostfields_evento-hora":"","custompostfields_front-page-gallery-thumbnails":"12959","post_post-custom-url":"","post_post-custom-url-target":""},"categories":[1],"tags":[],"_links":{"self":[{"href":"https:\/\/www.ipleiria.pt\/estm\/wp-json\/wp\/v2\/posts\/12955"}],"collection":[{"href":"https:\/\/www.ipleiria.pt\/estm\/wp-json\/wp\/v2\/posts"}],"about":[{"href":"https:\/\/www.ipleiria.pt\/estm\/wp-json\/wp\/v2\/types\/post"}],"author":[{"embeddable":true,"href":"https:\/\/www.ipleiria.pt\/estm\/wp-json\/wp\/v2\/users\/68"}],"replies":[{"embeddable":true,"href":"https:\/\/www.ipleiria.pt\/estm\/wp-json\/wp\/v2\/comments?post=12955"}],"version-history":[{"count":3,"href":"https:\/\/www.ipleiria.pt\/estm\/wp-json\/wp\/v2\/posts\/12955\/revisions"}],"predecessor-version":[{"id":12963,"href":"https:\/\/www.ipleiria.pt\/estm\/wp-json\/wp\/v2\/posts\/12955\/revisions\/12963"}],"wp:attachment":[{"href":"https:\/\/www.ipleiria.pt\/estm\/wp-json\/wp\/v2\/media?parent=12955"}],"wp:term":[{"taxonomy":"category","embeddable":true,"href":"https:\/\/www.ipleiria.pt\/estm\/wp-json\/wp\/v2\/categories?post=12955"},{"taxonomy":"post_tag","embeddable":true,"href":"https:\/\/www.ipleiria.pt\/estm\/wp-json\/wp\/v2\/tags?post=12955"}],"curies":[{"name":"wp","href":"https:\/\/api.w.org\/{rel}","templated":true}]}}