{"id":1730,"date":"2024-10-09T15:49:18","date_gmt":"2024-10-09T14:49:18","guid":{"rendered":"https:\/\/www.ipleiria.pt\/estm\/?p=1730"},"modified":"2025-10-03T09:19:28","modified_gmt":"2025-10-03T08:19:28","slug":"estm-obtem-a-renovacao-do-galardao-eco-escolas","status":"publish","type":"post","link":"https:\/\/www.ipleiria.pt\/estm\/estm-obtem-a-renovacao-do-galardao-eco-escolas\/","title":{"rendered":"ESTM obt\u00e9m a renova\u00e7\u00e3o do Galard\u00e3o Eco-Escolas"},"content":{"rendered":"\n<div class=\"wp-container-3 wp-block-columns\">\n<div class=\"wp-container-1 wp-block-column\">\n<h2 class=\"is-style-theme-title\">ESTM obt\u00e9m a renova\u00e7\u00e3o do Galard\u00e3o Eco-Escolas<\/h2>\n\n\n\n<p><em>Peniche, julho de 2024<\/em><\/p>\n\n\n\n<p>A Escola Superior de Turismo e Tecnologia do Mar (ESTM) tem a honra de anunciar que, um ano depois, o prestigiado Galard\u00e3o Eco-Escolas foi renovado. Esta renova\u00e7\u00e3o representa um marco extremamente significativo na promo\u00e7\u00e3o de uma cidadania ativa voltada para a sustentabilidade ambiental junto da nossa comunidade acad\u00e9mica.<\/p>\n\n\n\n<p>O empenho e dedica\u00e7\u00e3o de todos os estudantes, t\u00e9cnicos e docentes diretamente envolvidos no projeto Eco-Escolas ESTM foram fundamentais para o sucesso desta iniciativa. Al\u00e9m disso, queremos expressar a nossa gratid\u00e3o aos parceiros da comunidade local que integraram o Conselho Eco-Escolas, pois sem o apoio de todos, esta conquista n\u00e3o teria sido poss\u00edvel.<\/p>\n\n\n\n<p>As nossas&nbsp; Subdiretoras Marta Caetano e Susana Mendes, respons\u00e1veis pela equipa de coordena\u00e7\u00e3o do projeto, foram incans\u00e1veis e contribu\u00edram de forma essencial para alcan\u00e7armos este importante reconhecimento.<\/p>\n\n\n\n<p>O compromisso da ESTM com a promo\u00e7\u00e3o da sustentabilidade e a consci\u00eancia ambiental permanece mais forte do que nunca. Continuaremos a trabalhar em conjunto, unindo esfor\u00e7os para construir um futuro mais sustent\u00e1vel e consciente na nossa comunidade acad\u00e9mica e al\u00e9m.<\/p>\n\n\n\n<p>Juntos, temos o poder de fazer a diferen\u00e7a!\u00a0\u00a0\ud83d\udc9a\ud83c\udf0d<\/p>\n\n\n\n<figure class=\"wp-block-image size-full\"><img loading=\"lazy\" width=\"300\" height=\"110\" src=\"https:\/\/www.ipleiria.pt\/estm\/wp-content\/uploads\/sites\/28\/2024\/10\/image.png\" alt=\"\" class=\"wp-image-1734\"\/><\/figure>\n<\/div>\n\n\n\n<div class=\"wp-container-2 wp-block-column\">\n<div style=\"height:10px\" aria-hidden=\"true\" class=\"wp-block-spacer\"><\/div>\n\n\n\n<figure class=\"wp-block-image size-full\"><img loading=\"lazy\" width=\"940\" height=\"348\" src=\"https:\/\/www.ipleiria.pt\/estm\/wp-content\/uploads\/sites\/28\/2024\/10\/Orange-White-Minimalist-Photo-Flowers-Hello-Spring-Facebook-Fundraiser-Cover-Photo.png\" alt=\"\" class=\"wp-image-1731\" srcset=\"https:\/\/www.ipleiria.pt\/estm\/wp-content\/uploads\/sites\/28\/2024\/10\/Orange-White-Minimalist-Photo-Flowers-Hello-Spring-Facebook-Fundraiser-Cover-Photo.png 940w, https:\/\/www.ipleiria.pt\/estm\/wp-content\/uploads\/sites\/28\/2024\/10\/Orange-White-Minimalist-Photo-Flowers-Hello-Spring-Facebook-Fundraiser-Cover-Photo-300x111.png 300w, https:\/\/www.ipleiria.pt\/estm\/wp-content\/uploads\/sites\/28\/2024\/10\/Orange-White-Minimalist-Photo-Flowers-Hello-Spring-Facebook-Fundraiser-Cover-Photo-768x284.png 768w\" sizes=\"(max-width: 940px) 100vw, 940px\" \/><\/figure>\n<\/div>\n<\/div>\n","protected":false},"excerpt":{"rendered":"julho 2024","protected":false},"author":2,"featured_media":0,"comment_status":"closed","ping_status":"closed","sticky":false,"template":"","format":"standard","meta":{"multilingual_post_translation":"","custompostfields_evento-data-inicio":"","custompostfields_evento-data-fim":"","custompostfields_evento-hora":"","custompostfields_front-page-gallery-thumbnails":"","post_post-custom-url":"","post_post-custom-url-target":""},"categories":[17],"tags":[],"_links":{"self":[{"href":"https:\/\/www.ipleiria.pt\/estm\/wp-json\/wp\/v2\/posts\/1730"}],"collection":[{"href":"https:\/\/www.ipleiria.pt\/estm\/wp-json\/wp\/v2\/posts"}],"about":[{"href":"https:\/\/www.ipleiria.pt\/estm\/wp-json\/wp\/v2\/types\/post"}],"author":[{"embeddable":true,"href":"https:\/\/www.ipleiria.pt\/estm\/wp-json\/wp\/v2\/users\/2"}],"replies":[{"embeddable":true,"href":"https:\/\/www.ipleiria.pt\/estm\/wp-json\/wp\/v2\/comments?post=1730"}],"version-history":[{"count":3,"href":"https:\/\/www.ipleiria.pt\/estm\/wp-json\/wp\/v2\/posts\/1730\/revisions"}],"predecessor-version":[{"id":1737,"href":"https:\/\/www.ipleiria.pt\/estm\/wp-json\/wp\/v2\/posts\/1730\/revisions\/1737"}],"wp:attachment":[{"href":"https:\/\/www.ipleiria.pt\/estm\/wp-json\/wp\/v2\/media?parent=1730"}],"wp:term":[{"taxonomy":"category","embeddable":true,"href":"https:\/\/www.ipleiria.pt\/estm\/wp-json\/wp\/v2\/categories?post=1730"},{"taxonomy":"post_tag","embeddable":true,"href":"https:\/\/www.ipleiria.pt\/estm\/wp-json\/wp\/v2\/tags?post=1730"}],"curies":[{"name":"wp","href":"https:\/\/api.w.org\/{rel}","templated":true}]}}