{"id":8702,"date":"2025-03-10T15:24:15","date_gmt":"2025-03-10T15:24:15","guid":{"rendered":"https:\/\/www.ipleiria.pt\/estm\/?p=8702"},"modified":"2025-03-28T10:23:11","modified_gmt":"2025-03-28T10:23:11","slug":"apresentacao-do-livro-cadeia-de-caxias-a-repressao-fascista-e-a-luta-pela-liberdade","status":"publish","type":"post","link":"https:\/\/www.ipleiria.pt\/estm\/apresentacao-do-livro-cadeia-de-caxias-a-repressao-fascista-e-a-luta-pela-liberdade\/","title":{"rendered":"Apresenta\u00e7\u00e3o do Livro &#8220;Cadeia de Caxias: a repress\u00e3o fascista e a luta pela liberdade&#8221;"},"content":{"rendered":"\n<h2 class=\"is-style-theme-title\">Apresenta\u00e7\u00e3o do Livro &#8220;Cadeia de Caxias: a repress\u00e3o fascista e a luta pela liberdade&#8221;<\/h2>\n\n\n\n<div style=\"height:34px\" aria-hidden=\"true\" class=\"wp-block-spacer\"><\/div>\n\n\n\n<div class=\"wp-container-3 wp-block-columns\">\n<div class=\"wp-container-1 wp-block-column\">\n<p>No dia <strong>25 de mar\u00e7o de 2025<\/strong>, a <strong>ESTM<\/strong> recebe a apresenta\u00e7\u00e3o do livro <strong>&#8220;Cadeia de Caxias: a repress\u00e3o fascista e a luta pela liberdade&#8221;<\/strong>, editado pela <strong>URAP \u2013 Uni\u00e3o de Resistentes Antifascistas Portugueses<\/strong>.<\/p>\n\n\n\n<p>Esta iniciativa resulta da colabora\u00e7\u00e3o entre a <strong>BC4 \u2013 Biblioteca da ESTM<\/strong> e a <strong>URAP<\/strong>, dando continuidade a um trabalho conjunto de promo\u00e7\u00e3o da leitura e de reflex\u00e3o sobre a hist\u00f3ria e os valores da liberdade e democracia.<\/p>\n\n\n\n<p>O evento contar\u00e1 com a presen\u00e7a de:<br>\ud83d\udcd6 <strong>David Geraldes<\/strong> \u2013 Militar de Abril<br>\ud83d\udcd6 <strong>\u00c1lvaro Pato<\/strong> \u2013 Ex-preso pol\u00edtico<\/p>\n\n\n\n<p>\ud83c\udfb6 <strong>Momento musical<\/strong> a cargo de <strong>Jo\u00e3o Leit\u00e3o<\/strong><\/p>\n\n\n\n<p>Esta ser\u00e1 uma oportunidade para conhecer melhor um per\u00edodo marcante da hist\u00f3ria portuguesa e refletir sobre a import\u00e2ncia da resist\u00eancia e da liberdade.<\/p>\n\n\n\n<p><strong>\ud83d\udcc5 Data:<\/strong> 25 de mar\u00e7o de 2025<br>\ud83d\udccd <strong>Local:<\/strong> ESTM<\/p>\n\n\n\n<p>Participa nesta conversa essencial sobre mem\u00f3ria, resist\u00eancia e democracia!<\/p>\n<\/div>\n\n\n\n<div class=\"wp-container-2 wp-block-column\">\n<figure class=\"wp-block-image size-large\"><img loading=\"lazy\" width=\"724\" height=\"1024\" src=\"https:\/\/www.ipleiria.pt\/estm\/wp-content\/uploads\/sites\/28\/2025\/03\/Cadeia-de-Caxias_cartaz_page-0001-724x1024.jpg\" alt=\"\" class=\"wp-image-8703\" srcset=\"https:\/\/www.ipleiria.pt\/estm\/wp-content\/uploads\/sites\/28\/2025\/03\/Cadeia-de-Caxias_cartaz_page-0001-724x1024.jpg 724w, https:\/\/www.ipleiria.pt\/estm\/wp-content\/uploads\/sites\/28\/2025\/03\/Cadeia-de-Caxias_cartaz_page-0001-212x300.jpg 212w, https:\/\/www.ipleiria.pt\/estm\/wp-content\/uploads\/sites\/28\/2025\/03\/Cadeia-de-Caxias_cartaz_page-0001-768x1086.jpg 768w, https:\/\/www.ipleiria.pt\/estm\/wp-content\/uploads\/sites\/28\/2025\/03\/Cadeia-de-Caxias_cartaz_page-0001-1086x1536.jpg 1086w, https:\/\/www.ipleiria.pt\/estm\/wp-content\/uploads\/sites\/28\/2025\/03\/Cadeia-de-Caxias_cartaz_page-0001-1448x2048.jpg 1448w, https:\/\/www.ipleiria.pt\/estm\/wp-content\/uploads\/sites\/28\/2025\/03\/Cadeia-de-Caxias_cartaz_page-0001-scaled.jpg 1810w\" sizes=\"(max-width: 724px) 100vw, 724px\" \/><\/figure>\n<\/div>\n<\/div>\n","protected":false},"excerpt":{"rendered":"Sala Berlenga","protected":false},"author":68,"featured_media":0,"comment_status":"closed","ping_status":"closed","sticky":false,"template":"","format":"standard","meta":{"multilingual_post_translation":"","custompostfields_evento-data-inicio":"2025-03-25T15:22:00","custompostfields_evento-data-fim":"2025-03-25T15:22:00","custompostfields_evento-hora":"","custompostfields_front-page-gallery-thumbnails":"8704","post_post-custom-url":"","post_post-custom-url-target":""},"categories":[17,20],"tags":[],"_links":{"self":[{"href":"https:\/\/www.ipleiria.pt\/estm\/wp-json\/wp\/v2\/posts\/8702"}],"collection":[{"href":"https:\/\/www.ipleiria.pt\/estm\/wp-json\/wp\/v2\/posts"}],"about":[{"href":"https:\/\/www.ipleiria.pt\/estm\/wp-json\/wp\/v2\/types\/post"}],"author":[{"embeddable":true,"href":"https:\/\/www.ipleiria.pt\/estm\/wp-json\/wp\/v2\/users\/68"}],"replies":[{"embeddable":true,"href":"https:\/\/www.ipleiria.pt\/estm\/wp-json\/wp\/v2\/comments?post=8702"}],"version-history":[{"count":20,"href":"https:\/\/www.ipleiria.pt\/estm\/wp-json\/wp\/v2\/posts\/8702\/revisions"}],"predecessor-version":[{"id":8968,"href":"https:\/\/www.ipleiria.pt\/estm\/wp-json\/wp\/v2\/posts\/8702\/revisions\/8968"}],"wp:attachment":[{"href":"https:\/\/www.ipleiria.pt\/estm\/wp-json\/wp\/v2\/media?parent=8702"}],"wp:term":[{"taxonomy":"category","embeddable":true,"href":"https:\/\/www.ipleiria.pt\/estm\/wp-json\/wp\/v2\/categories?post=8702"},{"taxonomy":"post_tag","embeddable":true,"href":"https:\/\/www.ipleiria.pt\/estm\/wp-json\/wp\/v2\/tags?post=8702"}],"curies":[{"name":"wp","href":"https:\/\/api.w.org\/{rel}","templated":true}]}}